{"id":364,"date":"2018-10-01T10:07:50","date_gmt":"2018-10-01T10:07:50","guid":{"rendered":"https:\/\/home.mis.u-picardie.fr\/~sfr-np\/wordpress\/?p=364"},"modified":"2019-09-12T20:25:30","modified_gmt":"2019-09-12T20:25:30","slug":"usages-et-dispositifs-numeriques-patrimoniaux","status":"publish","type":"post","link":"https:\/\/home.mis.u-picardie.fr\/~sfr-np\/wordpress\/usages-et-dispositifs-numeriques-patrimoniaux\/","title":{"rendered":"Usages et dispositifs num\u00e9riques patrimoniaux"},"content":{"rendered":"<pre>L'axe Usages et Usagers organise une journ\u00e9e scientifique le lundi 26 novembre 2018 \u00e0 Lille. Le programme pr\u00e9visionnel est disponible <a href=\"https:\/\/home.mis.u-picardie.fr\/~sfr-np\/wordpress\/wp-content\/uploads\/2018\/10\/JourneeSFR_USAGES.pdf\">ici<\/a>.\r\n\r\nL'inscription \u00e0 la journ\u00e9e est gratuite mais obligatoire. Pour vous inscrire, merci de remplir <a href=\"https:\/\/home.mis.u-picardie.fr\/~sfr-np\/wordpress\/formulaire-dinscription-a-la-journee-usages\/\">ce formulaire<\/a>.\r\n\r\n<div role=\"form\" class=\"wpcf7\" id=\"wpcf7-f368-o1\" lang=\"fr-FR\" dir=\"ltr\">\n<div class=\"screen-reader-response\"><\/div>\n<form action=\"\/~sfr-np\/wordpress\/wp-json\/wp\/v2\/posts\/364#wpcf7-f368-o1\" method=\"post\" class=\"wpcf7-form\" novalidate=\"novalidate\">\n<div style=\"display: none;\">\n<input type=\"hidden\" name=\"_wpcf7\" value=\"368\" \/>\n<input type=\"hidden\" name=\"_wpcf7_version\" value=\"5.0.4\" \/>\n<input type=\"hidden\" name=\"_wpcf7_locale\" value=\"fr_FR\" \/>\n<input type=\"hidden\" name=\"_wpcf7_unit_tag\" value=\"wpcf7-f368-o1\" \/>\n<input type=\"hidden\" name=\"_wpcf7_container_post\" value=\"0\" \/>\n<\/div>\n<p><label> Votre nom (obligatoire)<br \/>\n    <span class=\"wpcf7-form-control-wrap your-name\"><input type=\"text\" name=\"your-name\" value=\"\" size=\"40\" class=\"wpcf7-form-control wpcf7-text wpcf7-validates-as-required\" aria-required=\"true\" aria-invalid=\"false\" \/><\/span> <\/label><\/p>\n<p><label> Votre pr\u00e9nom (obligatoire)<br \/>\n    <span class=\"wpcf7-form-control-wrap your-first-name\"><input type=\"text\" name=\"your-first-name\" value=\"\" size=\"40\" class=\"wpcf7-form-control wpcf7-text wpcf7-validates-as-required\" aria-required=\"true\" aria-invalid=\"false\" \/><\/span> <\/label><\/p>\n<p><label> Votre adresse de messagerie (obligatoire)<br \/>\n    <span class=\"wpcf7-form-control-wrap your-email\"><input type=\"email\" name=\"your-email\" value=\"\" size=\"40\" class=\"wpcf7-form-control wpcf7-text wpcf7-email wpcf7-validates-as-required wpcf7-validates-as-email\" aria-required=\"true\" aria-invalid=\"false\" \/><\/span> <\/label><\/p>\n<p><label> Statut<br \/>\n<span class=\"wpcf7-form-control-wrap Statut\"><select name=\"Statut\" class=\"wpcf7-form-control wpcf7-select\" aria-invalid=\"false\"><option value=\"EC\">EC<\/option><option value=\"Chercheur\">Chercheur<\/option><option value=\"Doctorant\">Doctorant<\/option><option value=\"Etudiant en Master\">Etudiant en Master<\/option><option value=\"Autre\">Autre<\/option><\/select><\/span> <\/label><\/p>\n<p><label> Unit\u00e9 de recherche<br \/>\n    <span class=\"wpcf7-form-control-wrap UR\"><textarea name=\"UR\" cols=\"40\" rows=\"10\" class=\"wpcf7-form-control wpcf7-textarea\" aria-invalid=\"false\"><\/textarea><\/span> <\/label><\/p>\n<p><label> Etablissement (universit\u00e9, organisme, ...)<br \/>\n    <span class=\"wpcf7-form-control-wrap Etablissement\"><textarea name=\"Etablissement\" cols=\"40\" rows=\"10\" class=\"wpcf7-form-control wpcf7-textarea\" aria-invalid=\"false\"><\/textarea><\/span> <\/label><\/p>\n<p><input type=\"submit\" value=\"Envoyer\" class=\"wpcf7-form-control wpcf7-submit\" \/><\/p>\n<div class=\"wpcf7-response-output wpcf7-display-none\"><\/div><\/form><\/div>\r\n\r\n<\/pre>\n<p>&nbsp;<\/p>\n","protected":false},"excerpt":{"rendered":"<p>L&rsquo;axe Usages et Usagers organise une journ\u00e9e scientifique le lundi 26 novembre 2018 \u00e0 Lille. Le programme pr\u00e9visionnel est disponible ici. L&rsquo;inscription \u00e0 la journ\u00e9e est gratuite mais obligatoire. Pour vous inscrire, merci de remplir ce formulaire. &nbsp;<\/p>\n","protected":false},"author":1,"featured_media":0,"comment_status":"open","ping_status":"open","sticky":false,"template":"","format":"standard","meta":{"_monsterinsights_skip_tracking":false,"_monsterinsights_sitenote_active":false,"_monsterinsights_sitenote_note":"","_monsterinsights_sitenote_category":0},"categories":[3],"tags":[],"_links":{"self":[{"href":"https:\/\/home.mis.u-picardie.fr\/~sfr-np\/wordpress\/wp-json\/wp\/v2\/posts\/364"}],"collection":[{"href":"https:\/\/home.mis.u-picardie.fr\/~sfr-np\/wordpress\/wp-json\/wp\/v2\/posts"}],"about":[{"href":"https:\/\/home.mis.u-picardie.fr\/~sfr-np\/wordpress\/wp-json\/wp\/v2\/types\/post"}],"author":[{"embeddable":true,"href":"https:\/\/home.mis.u-picardie.fr\/~sfr-np\/wordpress\/wp-json\/wp\/v2\/users\/1"}],"replies":[{"embeddable":true,"href":"https:\/\/home.mis.u-picardie.fr\/~sfr-np\/wordpress\/wp-json\/wp\/v2\/comments?post=364"}],"version-history":[{"count":10,"href":"https:\/\/home.mis.u-picardie.fr\/~sfr-np\/wordpress\/wp-json\/wp\/v2\/posts\/364\/revisions"}],"predecessor-version":[{"id":460,"href":"https:\/\/home.mis.u-picardie.fr\/~sfr-np\/wordpress\/wp-json\/wp\/v2\/posts\/364\/revisions\/460"}],"wp:attachment":[{"href":"https:\/\/home.mis.u-picardie.fr\/~sfr-np\/wordpress\/wp-json\/wp\/v2\/media?parent=364"}],"wp:term":[{"taxonomy":"category","embeddable":true,"href":"https:\/\/home.mis.u-picardie.fr\/~sfr-np\/wordpress\/wp-json\/wp\/v2\/categories?post=364"},{"taxonomy":"post_tag","embeddable":true,"href":"https:\/\/home.mis.u-picardie.fr\/~sfr-np\/wordpress\/wp-json\/wp\/v2\/tags?post=364"}],"curies":[{"name":"wp","href":"https:\/\/api.w.org\/{rel}","templated":true}]}}