{"id":428,"date":"2019-05-15T19:36:25","date_gmt":"2019-05-15T19:36:25","guid":{"rendered":"https:\/\/home.mis.u-picardie.fr\/~sfr-np\/wordpress\/?p=428"},"modified":"2019-05-15T19:38:48","modified_gmt":"2019-05-15T19:38:48","slug":"appels-a-projets","status":"publish","type":"post","link":"https:\/\/home.mis.u-picardie.fr\/~sfr-np\/wordpress\/appels-a-projets\/","title":{"rendered":"Appels \u00e0 projets"},"content":{"rendered":"<p>La Direction R\u00e9gionale des Affaires Culturelles \u00ab\u00a0Hauts-de-France\u00a0\u00bb met en ligne sur son site Internet depuis\u00a0 <b>lundi 06 mai<\/b> un nouvel appel \u00e0 projets intitul\u00e9 <em><strong>: <\/strong><\/em><\/p>\n<p><strong>\u00ab\u00a0Applications et dispositifs<\/strong> <strong>num\u00e9riques culturels<\/strong> <strong>innovants\u00a0\u00bb<\/strong><em><strong><br \/>\n<\/strong><\/em><\/p>\n<p class=\" text-justify\">Cet appel \u00e0 projet, le second lanc\u00e9 dans ce cadre, fait suite \u00e0 celui initi\u00e9 en 2017.<br \/>\nLa DRAC Hauts-de-France souhaite ainsi d\u00e9velopper un axe <em>Patrimoine, Culture et Num\u00e9rique<\/em> sp\u00e9cifique au territoire r\u00e9gional en terme de m\u00e9diation culturelle et d innovation,\u00a0 et poursuivre ainsi les actions propos\u00e9es dans le cadre des CPER Picardie et Nord Pas-de-Calais. Il compl\u00e8te aussi les dispositifs mis en place au niveau national par le Minist\u00e8re de la Culture \/ DIN (AAP SNI).<\/p>\n<p class=\" text-justify\">Par ailleurs, cet appel \u00e0 projets r\u00e9pond au besoin de renforcer la Recherche et le D\u00e9veloppement dans le domaine des nouvelles technologies et son implication dans le domaine de la Culture et du Patrimoine. Il participe \u00e9galement au d\u00e9veloppement de l\u2019\u00e9conomie num\u00e9rique et de l\u2019emploi ainsi qu\u2019\u00e0 l\u2019am\u00e9nagement num\u00e9rique et culturel du territoire r\u00e9gional.<\/p>\n<p class=\" text-justify\"><b>Date limite de retour des dossiers : Vendredi 14 juin 2019 \u00e0 17h<br \/>\n<\/b><\/p>\n<p class=\" text-justify\">Vous trouverez toutes les informations n\u00e9cessaires ainsi que le dossier d\u2019inscription pour participer \u00e0 cet appel \u00e0 projets sur le site Internet de la DRAC Hauts de France et consultable \u00e0 l adresse ci dessous \u00e0 la Rubrique \u00a0\u00bb Appels \u00e0 projets\u00a0\u00bb :<br \/>\n<i><span style=\"color: #3333ff;\"><b><a class=\"moz-txt-link-freetext\" href=\"http:\/\/www.culture.gouv.fr\/Regions\/Drac-Hauts-de-France\">http:\/\/www.culture.gouv.fr\/Regions\/Drac-Hauts-de-France<\/a><\/b><\/span><\/i><\/p>\n<p>Une restitution des 10 projets retenus lors du pr\u00e9c\u00e9dent Appel \u00e0 Projets en 2017 s est tenue \u00e0 Amiens sous la forme d&rsquo;une journ\u00e9e d Etudes le 7 d\u00e9cembre dernier, les communications de cette journ\u00e9e sont aussi consultables ici apr\u00e8s :<br \/>\n<i><span style=\"color: #3333ff;\"><b><a class=\"moz-txt-link-freetext\" href=\"http:\/\/www.culture.gouv.fr\/Regions\/Drac-Hauts-de-France\/Actualites\/6e-Journee-d-etudes-regionale-patrimoine-et-numerique-a-Amiens\">http:\/\/www.culture.gouv.fr\/Regions\/Drac-Hauts-de-France\/Actualites\/6e-Journee-d-etudes-regionale-patrimoine-et-numerique-a-Amiens<\/a> <\/b><\/span><\/i><\/p>\n<p class=\" text-justify\">Cet\u00a0 appel \u00e0 projet \u00e0 vocation \u00e0 \u00eatre diffus\u00e9 largement au niveau r\u00e9gional, merci donc le faire circuler sans r\u00e9serve.<\/p>\n","protected":false},"excerpt":{"rendered":"<p>La Direction R\u00e9gionale des Affaires Culturelles \u00ab\u00a0Hauts-de-France\u00a0\u00bb met en ligne sur son site Internet depuis\u00a0 lundi 06 mai un nouvel appel \u00e0 projets intitul\u00e9 : \u00ab\u00a0Applications et dispositifs num\u00e9riques culturels innovants\u00a0\u00bb Cet appel \u00e0 projet, le second lanc\u00e9 dans ce cadre, fait suite \u00e0 celui initi\u00e9 en 2017. La DRAC Hauts-de-France souhaite ainsi d\u00e9velopper un &hellip; <a href=\"https:\/\/home.mis.u-picardie.fr\/~sfr-np\/wordpress\/appels-a-projets\/\" class=\"more-link\">Continuer la lecture<span class=\"screen-reader-text\"> de &laquo;&nbsp;Appels \u00e0 projets&nbsp;&raquo;<\/span><\/a><\/p>\n","protected":false},"author":3,"featured_media":0,"comment_status":"open","ping_status":"open","sticky":false,"template":"","format":"standard","meta":{"_monsterinsights_skip_tracking":false,"_monsterinsights_sitenote_active":false,"_monsterinsights_sitenote_note":"","_monsterinsights_sitenote_category":0},"categories":[3],"tags":[],"_links":{"self":[{"href":"https:\/\/home.mis.u-picardie.fr\/~sfr-np\/wordpress\/wp-json\/wp\/v2\/posts\/428"}],"collection":[{"href":"https:\/\/home.mis.u-picardie.fr\/~sfr-np\/wordpress\/wp-json\/wp\/v2\/posts"}],"about":[{"href":"https:\/\/home.mis.u-picardie.fr\/~sfr-np\/wordpress\/wp-json\/wp\/v2\/types\/post"}],"author":[{"embeddable":true,"href":"https:\/\/home.mis.u-picardie.fr\/~sfr-np\/wordpress\/wp-json\/wp\/v2\/users\/3"}],"replies":[{"embeddable":true,"href":"https:\/\/home.mis.u-picardie.fr\/~sfr-np\/wordpress\/wp-json\/wp\/v2\/comments?post=428"}],"version-history":[{"count":2,"href":"https:\/\/home.mis.u-picardie.fr\/~sfr-np\/wordpress\/wp-json\/wp\/v2\/posts\/428\/revisions"}],"predecessor-version":[{"id":430,"href":"https:\/\/home.mis.u-picardie.fr\/~sfr-np\/wordpress\/wp-json\/wp\/v2\/posts\/428\/revisions\/430"}],"wp:attachment":[{"href":"https:\/\/home.mis.u-picardie.fr\/~sfr-np\/wordpress\/wp-json\/wp\/v2\/media?parent=428"}],"wp:term":[{"taxonomy":"category","embeddable":true,"href":"https:\/\/home.mis.u-picardie.fr\/~sfr-np\/wordpress\/wp-json\/wp\/v2\/categories?post=428"},{"taxonomy":"post_tag","embeddable":true,"href":"https:\/\/home.mis.u-picardie.fr\/~sfr-np\/wordpress\/wp-json\/wp\/v2\/tags?post=428"}],"curies":[{"name":"wp","href":"https:\/\/api.w.org\/{rel}","templated":true}]}}