{"id":558,"date":"2022-10-12T15:41:29","date_gmt":"2022-10-12T15:41:29","guid":{"rendered":"https:\/\/home.mis.u-picardie.fr\/~sfr-np\/wordpress\/?p=558"},"modified":"2022-10-12T15:46:09","modified_gmt":"2022-10-12T15:46:09","slug":"journee-detude-le-jeudi-17-novembre-2022","status":"publish","type":"post","link":"https:\/\/home.mis.u-picardie.fr\/~sfr-np\/wordpress\/journee-detude-le-jeudi-17-novembre-2022\/","title":{"rendered":"Journ\u00e9e d&rsquo;\u00e9tude le jeudi 17 novembre 2022"},"content":{"rendered":"\n<p>La SFR Num\u00e9rique et Patrimoine et la DRAC Hauts-de-France, organisent une journ\u00e9e d&rsquo;\u00e9tude le jeudi 17 novembre 2022 dans les locaux de la DRAC \u00e0 Amiens. L&rsquo;inscription est gratuite, mais obligatoire. Pour vous inscrire, suivez ce lien :<a href=\"https:\/\/evento.renater.fr\/survey\/journee-sfr-numerique-et-patrimoine-jeudi-17-novembre-2022-t8bryg72\">https:\/\/evento.renater.fr\/survey\/journee-sfr-numerique-et-patrimoine-jeudi-17-novembre-2022-t8bryg72<\/a><\/p>\n\n\n\n<p><\/p>\n","protected":false},"excerpt":{"rendered":"<p>La SFR Num\u00e9rique et Patrimoine et la DRAC Hauts-de-France, organisent une journ\u00e9e d&rsquo;\u00e9tude le jeudi 17 novembre 2022 dans les locaux de la DRAC \u00e0 Amiens. L&rsquo;inscription est gratuite, mais obligatoire. Pour vous inscrire, suivez ce lien :https:\/\/evento.renater.fr\/survey\/journee-sfr-numerique-et-patrimoine-jeudi-17-novembre-2022-t8bryg72<\/p>\n","protected":false},"author":1,"featured_media":0,"comment_status":"open","ping_status":"open","sticky":false,"template":"","format":"standard","meta":{"_monsterinsights_skip_tracking":false,"_monsterinsights_sitenote_active":false,"_monsterinsights_sitenote_note":"","_monsterinsights_sitenote_category":0},"categories":[3],"tags":[],"_links":{"self":[{"href":"https:\/\/home.mis.u-picardie.fr\/~sfr-np\/wordpress\/wp-json\/wp\/v2\/posts\/558"}],"collection":[{"href":"https:\/\/home.mis.u-picardie.fr\/~sfr-np\/wordpress\/wp-json\/wp\/v2\/posts"}],"about":[{"href":"https:\/\/home.mis.u-picardie.fr\/~sfr-np\/wordpress\/wp-json\/wp\/v2\/types\/post"}],"author":[{"embeddable":true,"href":"https:\/\/home.mis.u-picardie.fr\/~sfr-np\/wordpress\/wp-json\/wp\/v2\/users\/1"}],"replies":[{"embeddable":true,"href":"https:\/\/home.mis.u-picardie.fr\/~sfr-np\/wordpress\/wp-json\/wp\/v2\/comments?post=558"}],"version-history":[{"count":3,"href":"https:\/\/home.mis.u-picardie.fr\/~sfr-np\/wordpress\/wp-json\/wp\/v2\/posts\/558\/revisions"}],"predecessor-version":[{"id":562,"href":"https:\/\/home.mis.u-picardie.fr\/~sfr-np\/wordpress\/wp-json\/wp\/v2\/posts\/558\/revisions\/562"}],"wp:attachment":[{"href":"https:\/\/home.mis.u-picardie.fr\/~sfr-np\/wordpress\/wp-json\/wp\/v2\/media?parent=558"}],"wp:term":[{"taxonomy":"category","embeddable":true,"href":"https:\/\/home.mis.u-picardie.fr\/~sfr-np\/wordpress\/wp-json\/wp\/v2\/categories?post=558"},{"taxonomy":"post_tag","embeddable":true,"href":"https:\/\/home.mis.u-picardie.fr\/~sfr-np\/wordpress\/wp-json\/wp\/v2\/tags?post=558"}],"curies":[{"name":"wp","href":"https:\/\/api.w.org\/{rel}","templated":true}]}}